{"id":945,"date":"2024-03-28T12:39:00","date_gmt":"2024-03-28T12:39:00","guid":{"rendered":"https:\/\/eleport.com\/ee\/?p=945"},"modified":"2025-08-27T13:12:32","modified_gmt":"2025-08-27T13:12:32","slug":"eleporti-tiimiga-liitub-muugijuht-michal-malecki","status":"publish","type":"post","link":"https:\/\/eleport.com\/et\/eleporti-tiimiga-liitub-muugijuht-michal-malecki\/","title":{"rendered":"Eleporti tiimiga liitub m\u00fc\u00fcgijuht Michal Malecki"},"content":{"rendered":"<p style=\"font-weight: 400;\"><strong>Eleport grupi rahvusvahelise juhtkonnaga liitub m\u00fc\u00fcgijuht Michal Malecki, kes hakkab vastutama Eleporti \u00e4ritegevuse strateegia arendamise ja elluviimise eest Poola ja Baltikumi B2B sektoris. Kogenud eksperdi kaasamine grupi juhatusse on oluline samm grupi arengus, eriti arvestades Eleporti ambitsioonikaid plaane j\u00e4rgmisteks aastateks.<\/strong><\/p>\n<p style=\"font-weight: 400;\">Micha\u0142 Ma\u0142ecki on kogenud juht, kellel on 17-aastane kogemus kommertskinnisvara valdkonnas. P\u00e4rast Poznani Majandus\u00fclikooli l\u00f5petamist liitus Micha\u0142 King Sturge&#8217;iga, kus ta vastutas klientide, nagu n\u00e4iteks Shell, teenindamise ja uute asukohtade otsingu v\u00f5rguplaani toetamise eest. Seej\u00e4rel t\u00f6\u00f6tas ta Ikea Centersi rendihaldurina ning hiljem Trei Kinnisvaras. Viimased 9 aastat juhtis ta \u00fc\u00fcriteenuste meeskonda CREAM Kinnisvara N\u00f5ustajates, teenindades kliente nagu Griffin, EPP, Echo Investment, Catalyst Capital, DOR, Focus Fund, Arcona, TFI PZU, Invel Real Estate, Citronex, Fortress Fund ja teised.<\/p>\n<p style=\"font-weight: 400;\">Eleport j\u00e4tkab laadimispunktide infrastruktuuri laiendamist, et j\u00f5uda aasta l\u00f5puks \u00fcle 1350 laadimispunktini Poolas ja Baltikumis \u2013 selleks planeeritakse investeerida 20 miljonit 800 uue laadimispunkti avamisse. Samal ajal plaanib grupp j\u00e4tkuvalt kasvatada ka oma k\u00e4ivet, millele prognoositakse sel aastal kolmekordset kasvu v\u00f5rreldes 2023. aastaga.<\/p>\n","protected":false},"excerpt":{"rendered":"<p>Eleport grupi rahvusvahelise juhtkonnaga liitub m\u00fc\u00fcgijuht Michal Malecki, kes hakkab vastutama Eleporti \u00e4ritegevuse strateegia arendamise ja elluviimise eest Poola ja Baltikumi B2B sektoris. Kogenud eksperdi kaasamine grupi juhatusse on oluline samm grupi arengus, eriti arvestades Eleporti ambitsioonikaid plaane j\u00e4rgmisteks aastateks. Micha\u0142 Ma\u0142ecki on kogenud juht, kellel on 17-aastane kogemus kommertskinnisvara valdkonnas. P\u00e4rast Poznani Majandus\u00fclikooli l\u00f5petamist [&hellip;]<\/p>\n","protected":false},"author":1,"featured_media":948,"comment_status":"closed","ping_status":"closed","sticky":false,"template":"","format":"standard","meta":{"footnotes":"","_wpscppro_dont_share_socialmedia":false,"_wpscppro_custom_social_share_image":0,"_facebook_share_type":"","_twitter_share_type":"","_linkedin_share_type":"","_pinterest_share_type":"","_linkedin_share_type_page":"","_instagram_share_type":"","_medium_share_type":"","_threads_share_type":"","_google_business_share_type":"","_selected_social_profile":[],"_wpsp_enable_custom_social_template":false,"_wpsp_social_scheduling":{"enabled":false,"datetime":null,"platforms":[],"status":"template_only","dateOption":"today","timeOption":"now","customDays":"","customHours":"","customDate":"","customTime":"","schedulingType":"absolute"},"_wpsp_active_default_template":true},"categories":[275,54],"tags":[],"authors":[],"class_list":["post-945","post","type-post","status-publish","format-standard","has-post-thumbnail","hentry","category-uudised","category-insights"],"_links":{"self":[{"href":"https:\/\/eleport.com\/et\/wp-json\/wp\/v2\/posts\/945","targetHints":{"allow":["GET"]}}],"collection":[{"href":"https:\/\/eleport.com\/et\/wp-json\/wp\/v2\/posts"}],"about":[{"href":"https:\/\/eleport.com\/et\/wp-json\/wp\/v2\/types\/post"}],"author":[{"embeddable":true,"href":"https:\/\/eleport.com\/et\/wp-json\/wp\/v2\/users\/1"}],"replies":[{"embeddable":true,"href":"https:\/\/eleport.com\/et\/wp-json\/wp\/v2\/comments?post=945"}],"version-history":[{"count":2,"href":"https:\/\/eleport.com\/et\/wp-json\/wp\/v2\/posts\/945\/revisions"}],"predecessor-version":[{"id":11011,"href":"https:\/\/eleport.com\/et\/wp-json\/wp\/v2\/posts\/945\/revisions\/11011"}],"wp:featuredmedia":[{"embeddable":true,"href":"https:\/\/eleport.com\/et\/wp-json\/wp\/v2\/media\/948"}],"wp:attachment":[{"href":"https:\/\/eleport.com\/et\/wp-json\/wp\/v2\/media?parent=945"}],"wp:term":[{"taxonomy":"category","embeddable":true,"href":"https:\/\/eleport.com\/et\/wp-json\/wp\/v2\/categories?post=945"},{"taxonomy":"post_tag","embeddable":true,"href":"https:\/\/eleport.com\/et\/wp-json\/wp\/v2\/tags?post=945"},{"taxonomy":"authors","embeddable":true,"href":"https:\/\/eleport.com\/et\/wp-json\/wp\/v2\/authors?post=945"}],"curies":[{"name":"wp","href":"https:\/\/api.w.org\/{rel}","templated":true}]}}