{"id":6788,"date":"2024-05-16T18:07:00","date_gmt":"2024-05-16T18:07:00","guid":{"rendered":"https:\/\/eleport.com\/lt\/?p=722"},"modified":"2025-06-18T08:00:22","modified_gmt":"2025-06-18T08:00:22","slug":"jakub-miler-paskirtas-naujuoju-eleport-generaliniu-direktoriumi","status":"publish","type":"post","link":"https:\/\/eleport.com\/lt\/jakub-miler-paskirtas-naujuoju-eleport-generaliniu-direktoriumi\/","title":{"rendered":"Jakub Miler paskirtas naujuoju \u201eEleport\u201c generaliniu direktoriumi"},"content":{"rendered":"<p><span style=\"font-weight: 400;\">\u201eEleport\u201c,<\/span><span style=\"font-weight: 400;\"> viena ry\u0161kiausi\u0173 ir spar\u010diausiai augan\u010di\u0173 vie\u0161\u0173j\u0173 elektromobili\u0173 \u012fkrovimo tinkl\u0173 vystytoj\u0173 Baltijos \u0161alyse ir Lenkijoje, <\/span><span style=\"font-weight: 400;\">paskelb\u0117, jog prie \u012fmon\u0117s prisijungia naujasis \u012fmon\u0117s generalinis direktorius Jakub Miler. \u201eEleport\u201c \u012fk\u016br\u0117jas ir dabartinis generalinis direktorius Raul Potisepp lieka valdyboje ir taps \u012fmon\u0117s pl\u0117tros vadovu.<\/span><\/p>\n<p><span style=\"font-weight: 400;\">\u0160iuo metu \u201eEleport\u201c valdo daugiau nei 800 \u012fkrovimo ta\u0161k\u0173 Lenkijoje, Estijoje, Latvijoje ir Lietuvoje. Iki \u0161i\u0173 met\u0173 pabaigos \u012fmon\u0117 planuoja pasiekti 1350 veikian\u010di\u0173 \u012fkrovimo ta\u0161k\u0173. Jakub Miler prisijungus prie \u201eEleport\u201c planuojama paspartinti \u012fmon\u0117s augim\u0105 naujose Centrin\u0117s Europos rinkose.<\/span><\/p>\n<p><span style=\"font-weight: 400;\">Naujasis \u201eEleport\u201c vadovas su savimi atsine\u0161a daugiau kaip 15 met\u0173 tarptautin\u0117s lyderyst\u0117s patirt\u012f. Per \u0161iuos metus jis u\u017e\u0117m\u0117 daugyb\u0119 auk\u0161tesnio rango pareig\u0173, kurios ap\u0117m\u0117 tokias sritis kaip vadovavimas komandai, \u012fmoni\u0173 pl\u0117tra \u012f u\u017esienio rinkas, investavimas, tvari energetika, verslo pl\u0117tros strategij\u0173 vystymas.<\/span><\/p>\n<p><span style=\"font-weight: 400;\">\u201eVerslai atstovaujantis tvarios energetikos rink\u0105 turi galimyb\u0119 ypatingai greitai augti per itin trump\u0105 laik\u0105. Ta\u010diau, be viso ekonominio potencialo, kur\u012f si\u016blo \u0161i ni\u0161a, ji taip pat suteikia mums galimyb\u0119 prisid\u0117ti prie itin svarbaus tikslo &#8211; aplinkos puosel\u0117jimo ir saugojimo.\u201c \u2013 teigia Jakub Miler.<\/span><\/p>\n<p><span style=\"font-weight: 400;\">\u201ePo 8 met\u0173, per kuriuos \u201eEleport\u201c i\u0161augo nuo visi\u0161ko nulio iki vienos i\u0161 pirmaujan\u010di\u0173 elektromobili\u0173 infrastrukt\u016bros pl\u0117tros \u017eaid\u0117j\u0173 Centrin\u0117je Europoje, at\u0117jo laikas perduoti generalinio direktoriaus pareigas \u012f kitas rankas. Tikiu, jog Jakub bus stiprus \u201eEleport\u201c pastiprinimas, turintis did\u017eiul\u0119 patirt\u012f ir visus reikiamus \u012fg\u016bd\u017eius, kurie toliau leis pl\u0117toti \u012fmon\u0119, j\u0105 pakeliant \u012f dar auk\u0161tesnius lygius. A\u0161 ir toliau aktyviai dalyvausiu \u201eEleport\u201c veikloje ir nuo \u0161iol u\u017eimsiu \u012fmon\u0117s pl\u0117tros vadovo pareigas, kurios man leis susitelkti \u012f augim\u0105, naujas verslo galimybes.\u201c \u2013 dalinosi Raul Potisepp, \u201eEleport\u201c \u012fk\u016br\u0117jas ir pl\u0117tros vadovas.\u00a0\u00a0<\/span><\/p>\n<p><span style=\"font-weight: 400;\">Atsi\u017evelgiant \u012f esam\u0105 m\u016bs\u0173 tinklo infrastrukt\u016br\u0105 ir nauj\u0173 projekt\u0173 planus, \u012fmon\u0117 tikisi \u012fsp\u016bdingo metinio pajam\u0173 augimo. Planuojama, jog 2024-aisiais jis sieks net iki 300%. Tai \u012fmonei tur\u0117t\u0173 b\u016bti ypatingo augimo metai.<\/span><\/p>\n<p><span style=\"font-weight: 400;\">\u201eKurti stiprias \u012fmones yra itin didelis i\u0161\u0161\u016bkis, ta\u010diau tokias \u012fmones paversti stipriomis organizacijomis, da\u017enu atveju yra dar sunkiau. D\u017eiaugiuosi gal\u0117damas prisijungti prie \u201eEleport\u201c ir esu su\u017eav\u0117tas tuo, k\u0105 komanda pasiek\u0117 iki \u0161iol. Esu tikras, jog turime visk\u0105, ko reikia, kad t\u0119stume savo misij\u0105 pasiekiant pa\u010di\u0173 geriausi\u0173 rezultat\u0173 ple\u010diant infrastrukt\u016br\u0105 Europoje\u201d, \u2013 prideda Jakub Miler. <\/span><\/p>\n<p><br style=\"font-weight: 400;\" \/><br style=\"font-weight: 400;\" \/><\/p>\n","protected":false},"excerpt":{"rendered":"<p>\u201eEleport\u201c, viena ry\u0161kiausi\u0173 ir spar\u010diausiai augan\u010di\u0173 vie\u0161\u0173j\u0173 elektromobili\u0173 \u012fkrovimo tinkl\u0173 vystytoj\u0173 Baltijos \u0161alyse ir Lenkijoje, paskelb\u0117, jog prie \u012fmon\u0117s prisijungia naujasis \u012fmon\u0117s generalinis direktorius Jakub Miler. \u201eEleport\u201c \u012fk\u016br\u0117jas ir dabartinis generalinis direktorius Raul Potisepp lieka valdyboje ir taps \u012fmon\u0117s pl\u0117tros vadovu. \u0160iuo metu \u201eEleport\u201c valdo daugiau nei 800 \u012fkrovimo ta\u0161k\u0173 Lenkijoje, Estijoje, Latvijoje ir Lietuvoje. [&hellip;]<\/p>\n","protected":false},"author":1,"featured_media":7932,"comment_status":"closed","ping_status":"closed","sticky":false,"template":"","format":"standard","meta":{"footnotes":"","_wpscppro_dont_share_socialmedia":false,"_wpscppro_custom_social_share_image":0,"_facebook_share_type":"","_twitter_share_type":"","_linkedin_share_type":"","_pinterest_share_type":"","_linkedin_share_type_page":"","_instagram_share_type":"","_medium_share_type":"","_threads_share_type":"","_google_business_share_type":"","_selected_social_profile":[],"_wpsp_enable_custom_social_template":false,"_wpsp_social_scheduling":{"enabled":false,"datetime":null,"platforms":[],"status":"template_only","dateOption":"today","timeOption":"now","customDays":"","customHours":"","customDate":"","customTime":"","schedulingType":"absolute"},"_wpsp_active_default_template":true},"categories":[276,54],"tags":[],"authors":[],"class_list":["post-6788","post","type-post","status-publish","format-standard","has-post-thumbnail","hentry","category-naujienos","category-insights"],"_links":{"self":[{"href":"https:\/\/eleport.com\/lt\/wp-json\/wp\/v2\/posts\/6788","targetHints":{"allow":["GET"]}}],"collection":[{"href":"https:\/\/eleport.com\/lt\/wp-json\/wp\/v2\/posts"}],"about":[{"href":"https:\/\/eleport.com\/lt\/wp-json\/wp\/v2\/types\/post"}],"author":[{"embeddable":true,"href":"https:\/\/eleport.com\/lt\/wp-json\/wp\/v2\/users\/1"}],"replies":[{"embeddable":true,"href":"https:\/\/eleport.com\/lt\/wp-json\/wp\/v2\/comments?post=6788"}],"version-history":[{"count":2,"href":"https:\/\/eleport.com\/lt\/wp-json\/wp\/v2\/posts\/6788\/revisions"}],"predecessor-version":[{"id":7939,"href":"https:\/\/eleport.com\/lt\/wp-json\/wp\/v2\/posts\/6788\/revisions\/7939"}],"wp:featuredmedia":[{"embeddable":true,"href":"https:\/\/eleport.com\/lt\/wp-json\/wp\/v2\/media\/7932"}],"wp:attachment":[{"href":"https:\/\/eleport.com\/lt\/wp-json\/wp\/v2\/media?parent=6788"}],"wp:term":[{"taxonomy":"category","embeddable":true,"href":"https:\/\/eleport.com\/lt\/wp-json\/wp\/v2\/categories?post=6788"},{"taxonomy":"post_tag","embeddable":true,"href":"https:\/\/eleport.com\/lt\/wp-json\/wp\/v2\/tags?post=6788"},{"taxonomy":"authors","embeddable":true,"href":"https:\/\/eleport.com\/lt\/wp-json\/wp\/v2\/authors?post=6788"}],"curies":[{"name":"wp","href":"https:\/\/api.w.org\/{rel}","templated":true}]}}