{"id":291,"date":"2023-05-25T08:14:19","date_gmt":"2023-05-25T08:14:19","guid":{"rendered":"https:\/\/eleport.com\/lv\/?p=291"},"modified":"2025-05-23T11:36:09","modified_gmt":"2025-05-23T11:36:09","slug":"elektroauto-publiska-uzlades-tikla-attistitajs-eleport-piesaista-kapitalu-un-turpina-strauju-izaugsmi","status":"publish","type":"post","link":"https:\/\/eleport.com\/lv\/elektroauto-publiska-uzlades-tikla-attistitajs-eleport-piesaista-kapitalu-un-turpina-strauju-izaugsmi\/","title":{"rendered":"Elektroauto publisk\u0101 uzl\u0101des t\u012bkla att\u012bst\u012bt\u0101js Eleport piesaista kapit\u0101lu un turpina strauju izaugsmi"},"content":{"rendered":"<p><b><i>Eleport<\/i><\/b><b>, viens no iev\u0113rojam\u0101kajiem un strauj\u0101k augo\u0161ajiem publisk\u0101 uzl\u0101des t\u012bkla att\u012bst\u012bt\u0101jiem Baltij\u0101 un Polij\u0101, ir piesaist\u012bjis kapit\u0101lu A s\u0113rijas finans\u0113juma k\u0101rt\u0101 no Zieme\u013ceiropas za\u013c\u0101s ener\u0123ijas uz\u0146\u0113muma\u00a0<\/b><b><i>Gren<\/i><\/b><b>. Ieguldot l\u012bdzek\u013cus,\u00a0<\/b><b><i>Eleport<\/i><\/b><b>\u00a0pl\u0101no iev\u0113rojami pa\u0101trin\u0101t elektroauto uzl\u0101des staciju uzst\u0101d\u012b\u0161anu pa\u0161m\u0101ju re\u0123ion\u0101 un s\u0101kt papla\u0161in\u0101\u0161anos Centr\u0101leiropas un Austrumeiropas tirgos.<\/b><\/p>\n<p><i>Eleport<\/i>\u00a0pa\u0161laik p\u0101rvalda vienu no liel\u0101kajiem uzl\u0101des t\u012bkliem Baltij\u0101 un tuv\u0101kajos gados pl\u0101no uzst\u0101d\u012bt v\u0113l t\u016bksto\u0161iem publisko uzl\u0101des staciju. T\u0101pat uz\u0146\u0113mums ir izstr\u0101d\u0101jis savu pa\u0161apkalpo\u0161an\u0101s lietotni \u0113rtai uzl\u0101dei, kas \u013cauj atrast autovad\u012bt\u0101jam tuv\u0101ko uzl\u0101des staciju un p\u0101rraudz\u012bt transportl\u012bdzek\u013ca uzl\u0101des datus re\u0101laj\u0101 laik\u0101, t\u0101d\u0113j\u0101di at\u0161\u0137iroties no citiem l\u012bdz\u012bgiem risin\u0101jumiem.<\/p>\n<p><i>Eleport<\/i>\u00a0l\u012bdzdibin\u0101t\u0101js un izpilddirektors\u00a0<b>Rauls Potiseps<\/b>\u00a0(<i>Raul Potisepp<\/i>) nor\u0101da, ka\u00a0<i>Eleport<\/i>\u00a0ar papildu kapit\u0101la atbalstu ir gatavs strauji papla\u0161in\u0101t savu darb\u012bbu: \u201cNesen pan\u0101kt\u0101 Eiropas Savien\u012bbas iest\u0101\u017eu vieno\u0161an\u0101s aizliegt jaunu iek\u0161dedzes dzin\u0113ju automobi\u013cu tirdzniec\u012bbu no 2035. gada liecina, ka c\u012b\u0146\u0101 pret klimata p\u0101rmai\u0146\u0101m, p\u0101reja uz elektroauto straujiem so\u013ciem virz\u0101s uz priek\u0161u. Automobi\u013cu nozarei ir dots skaidrs sign\u0101ls \u2013 j\u0101veicina elektroauto pieejam\u012bba. Tie\u0161i t\u0101p\u0113c\u00a0<i>Eleport<\/i>\u00a0m\u0113r\u0137is ir atbalst\u012bt p\u0101reju uz bezizme\u0161u transportu, att\u012bstot elektroauto uzl\u0101des infrastrukt\u016bru. M\u0113s esam \u012bpa\u0161i gandar\u012bti un pagodin\u0101ti, ka tie\u0161i\u00a0<i>Gren<\/i>\u00a0ir m\u016bsu strat\u0113\u0123iskais investors \u0161aj\u0101 finans\u0113\u0161anas k\u0101rt\u0101, jo \u0161\u012b jaun\u0101 pieredze un zin\u0101\u0161anas mums b\u016bs liels ieguvums t\u0101l\u0101k\u0101 uzl\u0101des t\u012bkla att\u012bst\u012bb\u0101.\u201d<\/p>\n<p>K\u0101 nor\u0101da\u00a0<i>Gren<\/i>\u00a0izpilddirektors\u00a0<b>Ilka N\u012branens<\/b>\u00a0(<i>Ilkka Niiranen<\/i>), ieguld\u012bjums\u00a0<i>Eleport<\/i>\u00a0atbilst\u00a0<i>Gren<\/i>\u00a0m\u0113r\u0137im nodro\u0161in\u0101t ilgtsp\u0113j\u012bgus ener\u0123\u0113tikas risin\u0101jumus saviem klientiem: \u201cCe\u013c\u0101 uz ilgtsp\u0113j\u012bgiem pan\u0101kumiem \u013coti svar\u012bgi koncentr\u0113ties ar\u012b uz za\u013co inov\u0101ciju un tehnolo\u0123iju att\u012bst\u012bbu transporta jom\u0101.\u00a0<i>Eleport<\/i>\u00a0ir sp\u0113c\u012bgs un elast\u012bgs uz\u0146\u0113mums, kas jau ilgsto\u0161i ir guvis izcilus pan\u0101kumus elektrotransporta att\u012bst\u012bb\u0101.\u00a0<i>Eleport<\/i>\u00a0komanda, kas ir atz\u012bti un uzticami sp\u0113l\u0113t\u0101ji sav\u0101 jom\u0101, ir vieni no lab\u0101kajiem, kas sp\u0113j pied\u0101v\u0101t re\u0101lus risin\u0101jumus un vienlaikus c\u012bn\u012bties pret klimata p\u0101rmai\u0146\u0101m.\u201d<\/p>\n<p>Iepriek\u0161\u00a0<i>Eleport<\/i>\u00a0ir piesaist\u012bjis invest\u012bcijas no\u00a0<i>Skype<\/i>\u00a0dibin\u0101t\u0101ju ieguld\u012bjumu fonda\u00a0<i>Ambient Sound Investment<\/i>\u00a0un\u00a0<i>Scandium Kinnisvara<\/i>. \u0160\u012b gada apr\u012bl\u012b\u00a0<i>Eleport<\/i>\u00a0piesaist\u012bja ar\u012b papildu invest\u012bcijas un nosl\u0113dza strat\u0113\u0123isku partner\u012bbu ar\u00a0<i>Bolt<\/i>\u00a0elektroauto un kopbrauk\u0161anas pakalpojumu att\u012bst\u012bbai.\u00a0<i>Eleport<\/i>\u00a0un\u00a0<i>Bolt<\/i>\u00a0kop\u012bgais m\u0113r\u0137is ir parakst\u012bt l\u012bgumus Igaunij\u0101, Latvij\u0101, Lietuv\u0101 un Polij\u0101 par 750 jaunu elektroauto uzl\u0101des punktu uzst\u0101d\u012b\u0161anu visbie\u017e\u0101k apmekl\u0113t\u0101kaj\u0101s viet\u0101s \u0161aj\u0101s valst\u012bs.<\/p>\n<p>&nbsp;<\/p>\n<p><b>Par\u00a0<\/b><b><i>Gren<\/i><\/b><\/p>\n<p><i>Gren<\/i>\u00a0ir Zieme\u013ceiropas za\u013c\u0101s ener\u0123ijas uz\u0146\u0113mums, kura m\u0113r\u0137is ir nodro\u0161in\u0101t ener\u0123iju n\u0101kotnei jau \u0161odien. Uz\u0146\u0113mums att\u012bsta un pied\u0101v\u0101 ener\u0123\u0113tikas risin\u0101jumus, s\u0101kot no ilgtsp\u0113j\u012bgas centraliz\u0113t\u0101s siltumapg\u0101des l\u012bdz atjaunojamai un r\u016bpnieciskai ener\u0123ijai, lai apmierin\u0101tu savu klientu un kopienu vajadz\u012bbas ikdienas dz\u012bv\u0113, vienlaikus pozit\u012bvi ietekm\u0113jot vidi. Pa\u0161laik\u00a0<i>Gren<\/i>\u00a0darbojas Igaunij\u0101, Somij\u0101, Latvij\u0101 un Lietuv\u0101, un tam ir v\u0113rien\u012bgi izaugsmes pl\u0101ni papla\u0161in\u0101t uz\u0146\u0113m\u0113jdarb\u012bbu Zieme\u013ceirop\u0101, akt\u012bvi mekl\u0113jot jaunus efekt\u012bvus risin\u0101jumus un izaugsmes iesp\u0113jas \u0101rpus eso\u0161ajiem uz\u0146\u0113mumiem.\u00a0<i>Gren<\/i>\u00a0pieder\u00a0<i>Partners Group<\/i>, kas ir vado\u0161ais pasaules priv\u0101to tirgu uz\u0146\u0113mums, kur\u0161 darbojas savu klientu v\u0101rd\u0101.<\/p>\n","protected":false},"excerpt":{"rendered":"<p>Eleport, viens no iev\u0113rojam\u0101kajiem un strauj\u0101k augo\u0161ajiem publisk\u0101 uzl\u0101des t\u012bkla att\u012bst\u012bt\u0101jiem Baltij\u0101 un Polij\u0101, ir piesaist\u012bjis kapit\u0101lu A s\u0113rijas finans\u0113juma k\u0101rt\u0101 no Zieme\u013ceiropas za\u013c\u0101s ener\u0123ijas uz\u0146\u0113muma\u00a0Gren. Ieguldot l\u012bdzek\u013cus,\u00a0Eleport\u00a0pl\u0101no iev\u0113rojami pa\u0101trin\u0101t elektroauto uzl\u0101des staciju uzst\u0101d\u012b\u0161anu pa\u0161m\u0101ju re\u0123ion\u0101 un s\u0101kt papla\u0161in\u0101\u0161anos Centr\u0101leiropas un Austrumeiropas tirgos. Eleport\u00a0pa\u0161laik p\u0101rvalda vienu no liel\u0101kajiem uzl\u0101des t\u012bkliem Baltij\u0101 un tuv\u0101kajos gados pl\u0101no [&hellip;]<\/p>\n","protected":false},"author":1,"featured_media":321,"comment_status":"open","ping_status":"open","sticky":false,"template":"","format":"standard","meta":{"footnotes":"","_wpscppro_dont_share_socialmedia":false,"_wpscppro_custom_social_share_image":0,"_facebook_share_type":"","_twitter_share_type":"","_linkedin_share_type":"","_pinterest_share_type":"","_linkedin_share_type_page":"","_instagram_share_type":"","_medium_share_type":"","_threads_share_type":"","_google_business_share_type":"","_selected_social_profile":[],"_wpsp_enable_custom_social_template":false,"_wpsp_social_scheduling":{"enabled":false,"datetime":null,"platforms":[],"status":"template_only","dateOption":"today","timeOption":"now","customDays":"","customHours":"","customDate":"","customTime":"","schedulingType":"absolute"},"_wpsp_active_default_template":true},"categories":[244],"tags":[],"authors":[],"class_list":["post-291","post","type-post","status-publish","format-standard","has-post-thumbnail","hentry","category-jaunumi"],"_links":{"self":[{"href":"https:\/\/eleport.com\/lv\/wp-json\/wp\/v2\/posts\/291","targetHints":{"allow":["GET"]}}],"collection":[{"href":"https:\/\/eleport.com\/lv\/wp-json\/wp\/v2\/posts"}],"about":[{"href":"https:\/\/eleport.com\/lv\/wp-json\/wp\/v2\/types\/post"}],"author":[{"embeddable":true,"href":"https:\/\/eleport.com\/lv\/wp-json\/wp\/v2\/users\/1"}],"replies":[{"embeddable":true,"href":"https:\/\/eleport.com\/lv\/wp-json\/wp\/v2\/comments?post=291"}],"version-history":[{"count":1,"href":"https:\/\/eleport.com\/lv\/wp-json\/wp\/v2\/posts\/291\/revisions"}],"predecessor-version":[{"id":6125,"href":"https:\/\/eleport.com\/lv\/wp-json\/wp\/v2\/posts\/291\/revisions\/6125"}],"wp:featuredmedia":[{"embeddable":true,"href":"https:\/\/eleport.com\/lv\/wp-json\/wp\/v2\/media\/321"}],"wp:attachment":[{"href":"https:\/\/eleport.com\/lv\/wp-json\/wp\/v2\/media?parent=291"}],"wp:term":[{"taxonomy":"category","embeddable":true,"href":"https:\/\/eleport.com\/lv\/wp-json\/wp\/v2\/categories?post=291"},{"taxonomy":"post_tag","embeddable":true,"href":"https:\/\/eleport.com\/lv\/wp-json\/wp\/v2\/tags?post=291"},{"taxonomy":"authors","embeddable":true,"href":"https:\/\/eleport.com\/lv\/wp-json\/wp\/v2\/authors?post=291"}],"curies":[{"name":"wp","href":"https:\/\/api.w.org\/{rel}","templated":true}]}}