{"id":4967,"date":"2025-04-29T07:51:11","date_gmt":"2025-04-29T05:51:11","guid":{"rendered":"https:\/\/eleport.pl\/?p=4967"},"modified":"2025-05-30T10:09:43","modified_gmt":"2025-05-30T10:09:43","slug":"cd-locum-i-eleport","status":"publish","type":"post","link":"https:\/\/eleport.com\/pl\/cd-locum-i-eleport\/","title":{"rendered":"Eleport rozszerza swoj\u0105 obecno\u015b\u0107 w Polsce dzi\u0119ki strategicznemu partnerstwu z CD Locum\u00a0"},"content":{"rendered":"\n<p>Eleport, wiod\u0105ca sie\u0107 publicznych stacji \u0142adowania pojazd\u00f3w elektrycznych (EV) w Europie \u015arodkowo-Wschodniej, podpisa\u0142a strategiczne partnerstwo z CD Locum \u2013 renomowanym polskim deweloperem i operatorem nieruchomo\u015bci komercyjnych \u2013 w celu rozbudowy infrastruktury \u0142adowania pojazd\u00f3w elektrycznych w ca\u0142ej Polsce.&nbsp;<\/p>\n\n\n\n<p>W ramach umowy zostanie uruchomionych 20 nowych punkt\u00f3w \u0142adowania w pi\u0119ciu miastach po\u0142udniowej Polski, z kt\u00f3rych kilka ju\u017c rozpocz\u0119\u0142o dzia\u0142alno\u015b\u0107 w ci\u0105gu ostatnich dw\u00f3ch tygodni. Wkr\u00f3tce zostan\u0105 otwarte kolejne dwie lokalizacje, w tym flagowa stacja o mocy 600 kW w Krakowie.&nbsp;<\/p>\n\n\n\n<p>Wsp\u00f3\u0142praca \u0142\u0105czy do\u015bwiadczenie Eleport w dostarczaniu inteligentnych, zorientowanych na u\u017cytkownika rozwi\u0105za\u0144 do \u0142adowania z portfolio CD Locum, obejmuj\u0105cym obiekty komercyjne o du\u017cym nat\u0119\u017ceniu ruchu, \u0142\u0105cz\u0105c wygod\u0119 z trosk\u0105 o zr\u00f3wnowa\u017cony rozw\u00f3j w kluczowych obszarach miejskich.&nbsp;<\/p>\n\n\n\n<p>\u201eOd samego pocz\u0105tku nasze partnerstwo z CD Locum charakteryzowa\u0142o si\u0119 wsp\u00f3lnymi warto\u015bciami i doskona\u0142\u0105 wsp\u00f3\u0142prac\u0105\u201d \u2013 powiedzia\u0142a <strong>Edyta \u015awierkowicz<\/strong>, Business Development Manager w Eleport.&nbsp;<\/p>\n\n\n\n<p>\u201eCieszy nas szczeg\u00f3lnie praca z partnerem, kt\u00f3ry rozumie, jak wa\u017cna jest integracja \u0142adowania pojazd\u00f3w elektrycznych w nowoczesnych, wielofunkcyjnych inwestycjach. To wyra\u017any krok naprz\u00f3d w dostarczaniu czystej, niezawodnej infrastruktury bli\u017cej miejsc, w kt\u00f3rych ludzie mieszkaj\u0105, robi\u0105 zakupy i podr\u00f3\u017cuj\u0105.\u201d&nbsp;<\/p>\n\n\n\n<p>Partnerstwo CD Locum i Eleport wspiera strategiczny cel Eleport, kt\u00f3rym jest zapewnienie szybkich, dost\u0119pnych i zr\u00f3wnowa\u017conych rozwi\u0105za\u0144 \u0142adowania EV w kluczowych o\u015brodkach miejskich. Pierwsze trzy lokalizacje \u2013 Galeria Rondo w Bochni, Galeria D\u0119bicka w D\u0119bicy oraz Galeria Trzy Korony w Nowym S\u0105czu \u2013 s\u0105 ju\u017c otwarte i obs\u0142uguj\u0105 kierowc\u00f3w pojazd\u00f3w elektrycznych.\u00a0<\/p>\n\n\n\n<p>Ka\u017cda z tych lokalizacji jest wyposa\u017cona w \u0142adowarki o dynamicznej mocy wyj\u015bciowej 200 kW, oferuj\u0105ce trzy z\u0142\u0105cza CCS i jedno z\u0142\u0105cze CHAdeMO. W Krakowie, w nowo powstaj\u0105cym kompleksie najmu mieszka\u0144 \u201eApartify\u201d od CD Locum, zostan\u0105 zamontowane dwie \u0142adowarki Axon Easy 360 produkcji polskiej firmy Ekoenergetyka, oferuj\u0105ce \u0142\u0105czn\u0105 moc 600 kW \u2013 co zapewni wysok\u0105 pr\u0119dko\u015b\u0107 \u0142adowania nawet w godzinach szczytu.&nbsp;<\/p>\n\n\n\n<p>\u201eBardzo cieszymy si\u0119 z rozpocz\u0119cia wsp\u00f3\u0142pracy z firm\u0105 Eleport, specjalizuj\u0105c\u0105 si\u0119 w uruchamianiu stacji \u0142adowania pojazd\u00f3w elektrycznych. Jeste\u015bmy dumni, \u017ce mo\u017cemy wprowadza\u0107 tak nowoczesne rozwi\u0105zania w naszych centrach handlowych\u201d \u2013 m\u00f3wi <strong>Rafa\u0142 Koso\u0144<\/strong>, Prezes Grupy CD Locum.&nbsp;<\/p>\n\n\n\n<p>\u201eJeste\u015bmy naprawd\u0119 zadowoleni, \u017ce rozpocz\u0119li\u015bmy wsp\u00f3\u0142prac\u0119 z tak silnym i renomowanym partnerem jak CD Locum. W miar\u0119 naszej ekspansji w Europie \u015arodkowo-Wschodniej takie partnerstwa s\u0105 kluczowe, aby nasza infrastruktura rozwija\u0142a si\u0119 zgodnie z potrzebami lokalnych spo\u0142eczno\u015bci i sektora komercyjnego. Nasz\u0105 ambicj\u0105 jest uczynienie szybkiego, niezawodnego \u0142adowania pojazd\u00f3w elektrycznych codzienn\u0105 wygod\u0105 w ca\u0142ym regionie\u201d \u2013 powiedzia\u0142 <strong>Micha\u0142 Ma\u0142ecki<\/strong>, Chief Revenue Officer w Eleport.&nbsp;<\/p>\n\n\n\n<p>Sie\u0107 Eleport stale si\u0119 rozwija, realizuj\u0105c swoj\u0105 misj\u0119 po\u0142\u0105czenia Morza Ba\u0142tyckiego z Adriatykiem nowoczesn\u0105, p\u0142ynn\u0105 i przygotowan\u0105 na przysz\u0142o\u015b\u0107 sieci\u0105 \u0142adowania EV.&nbsp;<\/p>\n\n\n\n<p><strong>O Eleport<\/strong>&nbsp;<\/p>\n\n\n\n<p>Eleport to jeden z najszybciej rozwijaj\u0105cych si\u0119 operator\u00f3w publicznych stacji \u0142adowania pojazd\u00f3w elektrycznych w Europie \u015arodkowo-Wschodniej. Za\u0142o\u017cony w Estonii w 2016 roku, obecnie dzia\u0142a w Estonii, na \u0141otwie, Litwie i w Polsce, a wkr\u00f3tce uruchomi pierwsze lokalizacje w Chorwacji i S\u0142owenii. W ci\u0105gu najbli\u017cszych lat planuje dalsz\u0105 ekspansj\u0119 w regionie, z d\u0142ugoterminowym celem instalacji ponad 100\u202f000 publicznych punkt\u00f3w \u0142adowania do 2030 roku. Ta ambitna wizja stawia firm\u0119 na drodze do zostania wiod\u0105cym operatorem \u0142adowania EV w Europie \u015arodkowo-Wschodniej.&nbsp;<\/p>\n\n\n\n<p>Dodatkowe informacje: <a href=\"https:\/\/eleport.com\/pl\/\" target=\"_blank\" rel=\"noreferrer noopener\">https:\/\/eleport.com<\/a>&nbsp;<\/p>\n\n\n\n<p>Zapytania medialne:&nbsp;<\/p>\n\n\n\n<p>Marketing Director&nbsp;<\/p>\n\n\n\n<p><strong>Nataliia Rudychenko<\/strong> (w j\u0119zykach angielskim, polskim, ukrai\u0144skim i rosyjskim)&nbsp;<\/p>\n\n\n\n<p><a href=\"mailto:nataliia.rudychenko@eleport.com\" target=\"_blank\" rel=\"noreferrer noopener\">nataliia.rudychenko@eleport.com<\/a>&nbsp;<\/p>\n\n\n\n<p><strong>O CD Locum<\/strong>&nbsp;<\/p>\n\n\n\n<p>CD Locum to rodzinna firma nieruchomo\u015bciowa z prawie 25-letnim do\u015bwiadczeniem i portfolio obejmuj\u0105cym ponad 140\u202f000 m\u00b2 powierzchni komercyjnej. Ich obiekty to jedne z najbardziej rozpoznawalnych \u015bredniej wielko\u015bci centr\u00f3w handlowych w regionie, oferuj\u0105ce us\u0142ugi handlowe, gastronomiczne, rekreacyjne i najmu mieszka\u0144 \u2013 wszystkie zlokalizowane w ruchliwych, dobrze widocznych obszarach miejskich. W portfolio znajduj\u0105 si\u0119 centra handlowe w Bochni, Nowym S\u0105czu, Jaros\u0142awiu i D\u0119bicy oraz budowany kompleks wynajmu mieszka\u0144 Apartify w Krakowie.&nbsp;<\/p>\n\n\n\n<p>Dodatkowe informacje: <a href=\"https:\/\/cdlocum.pl\/\" target=\"_blank\" rel=\"noreferrer noopener\">https:\/\/cdlocum.pl<\/a>&nbsp;<\/p>\n\n\n\n<p>Zapytania medialne:&nbsp;<\/p>\n\n\n\n<p><strong>Agnieszka Kolano<\/strong>&nbsp;<\/p>\n\n\n\n<p>Marketing Manager&nbsp;<\/p>\n\n\n\n<p>tel.:\u202f691\u202f200\u202f486&nbsp;<\/p>\n\n\n\n<p>e-mail:\u202f<a href=\"mailto:agnieszka.kolano@cdlocum.pl\" target=\"_blank\" rel=\"noreferrer noopener\">agnieszka.kolano@cdlocum.pl<\/a>&nbsp;<\/p>\n","protected":false},"excerpt":{"rendered":"<p>Eleport, wiod\u0105ca sie\u0107 publicznych stacji \u0142adowania pojazd\u00f3w elektrycznych (EV) w Europie \u015arodkowo-Wschodniej, podpisa\u0142a strategiczne partnerstwo z CD Locum \u2013 renomowanym polskim deweloperem i operatorem nieruchomo\u015bci komercyjnych \u2013 w celu rozbudowy infrastruktury \u0142adowania pojazd\u00f3w elektrycznych w ca\u0142ej Polsce.&nbsp; W ramach umowy zostanie uruchomionych 20 nowych punkt\u00f3w \u0142adowania w pi\u0119ciu miastach po\u0142udniowej Polski, z kt\u00f3rych kilka ju\u017c [&hellip;]<\/p>\n","protected":false},"author":4,"featured_media":7430,"comment_status":"closed","ping_status":"closed","sticky":false,"template":"","format":"standard","meta":{"footnotes":"","_wpscppro_dont_share_socialmedia":false,"_wpscppro_custom_social_share_image":0,"_facebook_share_type":"default","_twitter_share_type":"default","_linkedin_share_type":"default","_pinterest_share_type":"default","_linkedin_share_type_page":"default","_instagram_share_type":"default","_medium_share_type":"default","_threads_share_type":"default","_google_business_share_type":"","_selected_social_profile":[],"_wpsp_enable_custom_social_template":false,"_wpsp_social_scheduling":{"enabled":false,"datetime":null,"platforms":[],"status":"template_only","dateOption":"today","timeOption":"now","customDays":"","customHours":"","customDate":"","customTime":"","schedulingType":"absolute"},"_wpsp_active_default_template":true},"categories":[59,54],"tags":[],"authors":[],"class_list":["post-4967","post","type-post","status-publish","format-standard","has-post-thumbnail","hentry","category-aktualnosci","category-insights"],"_links":{"self":[{"href":"https:\/\/eleport.com\/pl\/wp-json\/wp\/v2\/posts\/4967","targetHints":{"allow":["GET"]}}],"collection":[{"href":"https:\/\/eleport.com\/pl\/wp-json\/wp\/v2\/posts"}],"about":[{"href":"https:\/\/eleport.com\/pl\/wp-json\/wp\/v2\/types\/post"}],"author":[{"embeddable":true,"href":"https:\/\/eleport.com\/pl\/wp-json\/wp\/v2\/users\/4"}],"replies":[{"embeddable":true,"href":"https:\/\/eleport.com\/pl\/wp-json\/wp\/v2\/comments?post=4967"}],"version-history":[{"count":2,"href":"https:\/\/eleport.com\/pl\/wp-json\/wp\/v2\/posts\/4967\/revisions"}],"predecessor-version":[{"id":7437,"href":"https:\/\/eleport.com\/pl\/wp-json\/wp\/v2\/posts\/4967\/revisions\/7437"}],"wp:featuredmedia":[{"embeddable":true,"href":"https:\/\/eleport.com\/pl\/wp-json\/wp\/v2\/media\/7430"}],"wp:attachment":[{"href":"https:\/\/eleport.com\/pl\/wp-json\/wp\/v2\/media?parent=4967"}],"wp:term":[{"taxonomy":"category","embeddable":true,"href":"https:\/\/eleport.com\/pl\/wp-json\/wp\/v2\/categories?post=4967"},{"taxonomy":"post_tag","embeddable":true,"href":"https:\/\/eleport.com\/pl\/wp-json\/wp\/v2\/tags?post=4967"},{"taxonomy":"authors","embeddable":true,"href":"https:\/\/eleport.com\/pl\/wp-json\/wp\/v2\/authors?post=4967"}],"curies":[{"name":"wp","href":"https:\/\/api.w.org\/{rel}","templated":true}]}}