{"id":638,"date":"2023-08-23T10:28:53","date_gmt":"2023-08-23T10:28:53","guid":{"rendered":"https:\/\/eleport.com\/pl\/?p=638"},"modified":"2025-06-18T08:05:36","modified_gmt":"2025-06-18T08:05:36","slug":"michal-kaniowski-nie-mamy-sie-co-obawiac-o-infrastrukture-ladowania-w-polsce","status":"publish","type":"post","link":"https:\/\/eleport.com\/pl\/michal-kaniowski-nie-mamy-sie-co-obawiac-o-infrastrukture-ladowania-w-polsce\/","title":{"rendered":"Micha\u0142 Kaniowski: Nie mamy si\u0119 co obawia\u0107 o infrastruktur\u0119 \u0142adowania w Polsce"},"content":{"rendered":"<p><strong>Eleport to jeden z najbardziej znanych i szybko rozwijaj\u0105cych si\u0119 operator\u00f3w publicznych stacji \u0142adowania w krajach ba\u0142tyckich. Ju\u017c nied\u0142ugo swoj\u0105 sie\u0107 firma b\u0119dzie udost\u0119pnia\u0107 r\u00f3wnie\u017c w Polsce.<\/strong><\/p>\n<p>O dzia\u0142alno\u015bci Eleport i rewolucji e-mobility opowiedzia\u0142 nam\u00a0<strong>Micha\u0142 Kaniowski<\/strong>\u00a0\u2013 Head of Sales Operations.<\/p>\n<p><strong>Kiedy mo\u017cemy si\u0119 spodziewa\u0107 pierwszych stacji \u0142adowania Eleport w Polsce?<\/strong><\/p>\n<p>Podczas najbli\u017cszego \u015bwi\u0119ta elektromobilno\u015bci w Polsce \u2013 Kongresu Nowej Mobilno\u015bci \u2013 og\u0142osimy uruchomienie pierwszych publicznych stacji \u0142adowania w Polsce.<\/p>\n<p><strong>Jakie b\u0119d\u0105 to stacje?<\/strong><\/p>\n<p>Eleport dostarcza pe\u0142en wachlarz rozwi\u0105za\u0144 dla elektromobilno\u015bci, od ultraszybkich stacji \u0142adowania, przez szybkie i na wolnych ko\u0144cz\u0105c. Bierzemy udzia\u0142 w przetargach na przej\u0119cie stacji ju\u017c wybudowanych oraz realizujemy nowe inwestycje od samego pocz\u0105tku, przechodz\u0105c przez ca\u0142y proces przy\u0142\u0105czeniowy i odbi\u00f3r techniczny. Przejmowane urz\u0105dzenia, s\u0105 to stacje mniejszej mocy (AC), kt\u00f3re sukcesywnie b\u0119dziemy wymienia\u0107 na stacje szybkie (DC) lub\u00a0<strong>ultraszybkie\u00a0<\/strong>(UFC). Je\u017celi chodzi o nowe inwestycje, to tutaj skupiamy si\u0119 na szybkim \u0142adowaniu. Jednak proces przy\u0142\u0105czeniowy jest taki sam dla ka\u017cdego przy\u0142\u0105czanego podmiotu \u2013 wszyscy musimy cierpliwe czeka\u0107 na dostarczenie mocy przez operatora systemu dystrybucyjnego.<\/p>\n<p><strong>Czym si\u0119 kierujecie wybieraj\u0105c lokalizacje dla nowych stacji \u0142adowania?<\/strong><\/p>\n<p>Nasza procedura oceny miejsc jest stosunkowo z\u0142o\u017cona i obejmuje wiele aspekt\u00f3w. Jakbym mia\u0142 o niej opowiedzie\u0107 w skr\u00f3cie \u2013 to powiedzia\u0142bym, \u017ce staramy si\u0119 po\u0142\u0105czy\u0107 trzy obszary. Pierwszym z nich jest przysz\u0142y u\u017cytkownik stacji \u2013 czyli chcemy rozbudowywa\u0107 nasz\u0105 sie\u0107, w okolicy infrastruktury, kt\u00f3ra b\u0119dzie mi\u0142ym dodatkiem dla kierowcy, pozwoli podr\u00f3\u017cnym na skorzystanie z innych us\u0142ug podczas \u0142adowania. Drugi aspekt to sie\u0107 elektroenergetyczna \u2013 budujemy stacje przede wszystkim du\u017cej mocy. Musimy wi\u0119c \u0142\u0105czy\u0107 nasze oczekiwania razem z dost\u0119pnymi realiami. Trzeci aspekt to \u0142atwa dost\u0119pno\u015b\u0107 w popularnych miejscach \u2013 chcemy przede wszystkim dociera\u0107 do takich miejsc, w kt\u00f3rych jest du\u017cy ruch \u2013 zar\u00f3wno pojazd\u00f3w jak i ludzi. Dzi\u0119ki temu jeste\u015bmy w stanie dociera\u0107 i oswaja\u0107 z\u00a0<strong>elektromobilno\u015bci\u0105<\/strong>\u00a0najszersze grono odbiorc\u00f3w.<\/p>\n<p><strong>Partner\u00f3w do wsp\u00f3lnych inwestycji te\u017c wybieracie wed\u0142ug okre\u015blonego klucza?<\/strong><\/p>\n<p>W kwestii Partner\u00f3w jeste\u015bmy otwarci. Wszyscy, kt\u00f3rzy s\u0105 w stanie umo\u017cliwi\u0107 dzier\u017caw\u0119 lokalizacji, s\u0105 u nas mile widziani. Nikogo nie\u00a0<strong>wykluczamy\u00a0<\/strong>\u2013 z ka\u017cdym ch\u0119tnie rozmawiamy. Zgodnie z nasz\u0105 strategi\u0105, mamy priorytety dla niekt\u00f3rych inwestycji, wi\u0119c mo\u017ce si\u0119 zdarzy\u0107, \u017ce niekt\u00f3re ze zg\u0142oszonych lokalizacji b\u0119d\u0105 troch\u0119 dalej w naszym harmonogramie inwestycyjnym.<\/p>\n<p><strong>Czym si\u0119 r\u00f3\u017cni polski rynek od rynk\u00f3w w innych europejskich krajach?<\/strong><\/p>\n<p>My\u015bl\u0119, \u017ce najwi\u0119ksza r\u00f3\u017cnica polega na samym podej\u015bciu do elektromobilno\u015bci. Kluczowe aspekty to:<\/p>\n<p>&#8211; Struktura energetyczna: Polska jest jednym z nielicznych kraj\u00f3w w Europie, kt\u00f3re wci\u0105\u017c w du\u017cej mierze opieraj\u0105 si\u0119 na w\u0119glu jako g\u0142\u00f3wnym \u017ar\u00f3dle energii. Wiele kraj\u00f3w europejskich przesz\u0142o na odnawialne \u017ar\u00f3d\u0142a energii, chod\u017a Polska bardzo dynamicznie si\u0119 w tym obszarze rozwija.<\/p>\n<p>&#8211; Rozw\u00f3j rynku samochod\u00f3w elektrycznych: polski rynek samochod\u00f3w elektrycznych jest w fazie wzrostu, podczas gdy niekt\u00f3re kraje zachodnie maj\u0105 ju\u017c dobrze rozwini\u0119t\u0105 infrastruktur\u0119 \u0142adowania i wi\u0119kszy udzia\u0142 EV w sprzeda\u017cy nowych samochod\u00f3w. Dlatego mamy \u201epe\u0142ne r\u0119ce roboty\u201d, r\u00f3wnie\u017c w aspekcie edukacji i oswajania z elektromobilno\u015bci\u0105.<\/p>\n<p>&#8211; Regulacje i wsparcie rz\u0105dowe: Polska, podobnie jak inne kraje Europy \u015arodkowo-Wschodniej, dopiero zaczyna wprowadza\u0107 bardziej rygorystyczne regulacje dotycz\u0105ce emisji <strong>CO<\/strong><strong><sub>2<\/sub><\/strong>i wsparcie dla zielonych technologii.<\/p>\n<p>&#8211; Dynamika rynku: polski rynek jest mniej nasycony w por\u00f3wnaniu z bardziej rozwini\u0119tymi rynkami zachodnimi, co daje wi\u0119ksze mo\u017cliwo\u015bci dla nowych graczy i innowacji.<\/p>\n<p><strong>Jakie s\u0105 Wasze prognozy dot. rozwoju e-mobility w Europie?<\/strong><\/p>\n<p>Nasze prognozy s\u0105 zgodne z danymi prezentowanymi przez Polskie Stowarzyszenie Paliw Alternatywnych. Z dnia na dzie\u0144 na polskich drogach widzimy coraz wi\u0119cej elektryk\u00f3w. Je\u017celi chodzi o\u00a0stacje \u0142adowania\u00a0to w tym obszarze te\u017c nie mamy o co si\u0119 obawia\u0107 \u2013 zar\u00f3wno my jak i nasza szanowna konkurencja docieramy do lokalizacji rozsianych po ca\u0142ej Polsce.<\/p>\n<p><strong>Polska nad\u0105\u017cy za zachodem?<\/strong><\/p>\n<p>Tak, Polska nad\u0105\u017cy za zachodem, ale jak to w wi\u0119kszo\u015bci obszar\u00f3w bywa \u2013 z delikatnym op\u00f3\u017anieniem. Niestety, ale czas wymagany na zrealizowanie przy\u0142\u0105cza jest nieub\u0142agalny. Powoduje to, \u017ce osoby, kt\u00f3re nie zajmuj\u0105 si\u0119 na co dzie\u0144 elektromobilno\u015bci\u0105 mog\u0105 twierdzi\u0107, \u017ce nic si\u0119 nie dzieje. A tak na prawd\u0119 wiele firm jest w \u015brodku proces\u00f3w inwestycyjnych.<\/p>\n<p>Polska aktywnie d\u0105\u017cy do rozwoju\u00a0<strong>elektromobilno\u015bci<\/strong>, wsp\u00f3\u0142pracuj\u0105c z r\u00f3\u017cnymi podmiotami i edukuj\u0105c spo\u0142ecze\u0144stwo. Chocia\u017c Polska mo\u017ce mie\u0107 pewne op\u00f3\u017anienia w por\u00f3wnaniu z niekt\u00f3rymi krajami zachodnimi, istniej\u0105 wyra\u017ane dowody na to, \u017ce kraj ten rozwija si\u0119 w kierunku zr\u00f3wnowa\u017conej mobilno\u015bci i d\u0105\u017cy do osi\u0105gni\u0119cia standard\u00f3w zachodnich w tej dziedzinie.<\/p>\n<p><strong>Jakie inwestycje planujecie w najbli\u017cszym czasie?<\/strong><\/p>\n<p>W najbli\u017cszym czasie skupiamy si\u0119 przede wszystkim na pozyskiwaniu najbardziej atrakcyjnych lokalizacji, kt\u00f3re b\u0119d\u0105 odpowiada\u0107 potrzebom naszych u\u017cytkownik\u00f3w flotowych oraz indywidualnych. Naszym celem jest nie tylko rozw\u00f3j, ale przede wszystkim dostarczenie warto\u015bci dla naszych\u00a0<strong>Klient\u00f3w<\/strong>. Inwestycji, kt\u00f3re planujemy, jest wiele. Jeste\u015bmy przekonani, \u017ce nasze zaanga\u017cowanie i ci\u0119\u017cka praca zostan\u0105 docenione przez Klient\u00f3w w najbli\u017cszej przysz\u0142o\u015bci. D\u0105\u017cymy do tego, aby ka\u017cda nasza inwestycja przynosi\u0142a realne korzy\u015bci i u\u0142atwia\u0142a codzienne \u017cycie kierowc\u00f3w pojazd\u00f3w elektrycznych.<\/p>\n<p>&nbsp;<\/p>\n","protected":false},"excerpt":{"rendered":"<p>Eleport to jeden z najbardziej znanych i szybko rozwijaj\u0105cych si\u0119 operator\u00f3w publicznych stacji \u0142adowania w krajach ba\u0142tyckich. Ju\u017c nied\u0142ugo swoj\u0105 sie\u0107 firma b\u0119dzie udost\u0119pnia\u0107 r\u00f3wnie\u017c w Polsce. O dzia\u0142alno\u015bci Eleport i rewolucji e-mobility opowiedzia\u0142 nam\u00a0Micha\u0142 Kaniowski\u00a0\u2013 Head of Sales Operations. Kiedy mo\u017cemy si\u0119 spodziewa\u0107 pierwszych stacji \u0142adowania Eleport w Polsce? Podczas najbli\u017cszego \u015bwi\u0119ta elektromobilno\u015bci w [&hellip;]<\/p>\n","protected":false},"author":1,"featured_media":7940,"comment_status":"open","ping_status":"open","sticky":false,"template":"","format":"standard","meta":{"footnotes":"","_wpscppro_dont_share_socialmedia":false,"_wpscppro_custom_social_share_image":0,"_facebook_share_type":"","_twitter_share_type":"","_linkedin_share_type":"","_pinterest_share_type":"","_linkedin_share_type_page":"","_instagram_share_type":"","_medium_share_type":"","_threads_share_type":"","_google_business_share_type":"","_selected_social_profile":[],"_wpsp_enable_custom_social_template":false,"_wpsp_social_scheduling":{"enabled":false,"datetime":null,"platforms":[],"status":"template_only","dateOption":"today","timeOption":"now","customDays":"","customHours":"","customDate":"","customTime":"","schedulingType":"absolute"},"_wpsp_active_default_template":true},"categories":[59],"tags":[],"authors":[],"class_list":["post-638","post","type-post","status-publish","format-standard","has-post-thumbnail","hentry","category-aktualnosci"],"_links":{"self":[{"href":"https:\/\/eleport.com\/pl\/wp-json\/wp\/v2\/posts\/638","targetHints":{"allow":["GET"]}}],"collection":[{"href":"https:\/\/eleport.com\/pl\/wp-json\/wp\/v2\/posts"}],"about":[{"href":"https:\/\/eleport.com\/pl\/wp-json\/wp\/v2\/types\/post"}],"author":[{"embeddable":true,"href":"https:\/\/eleport.com\/pl\/wp-json\/wp\/v2\/users\/1"}],"replies":[{"embeddable":true,"href":"https:\/\/eleport.com\/pl\/wp-json\/wp\/v2\/comments?post=638"}],"version-history":[{"count":2,"href":"https:\/\/eleport.com\/pl\/wp-json\/wp\/v2\/posts\/638\/revisions"}],"predecessor-version":[{"id":7947,"href":"https:\/\/eleport.com\/pl\/wp-json\/wp\/v2\/posts\/638\/revisions\/7947"}],"wp:featuredmedia":[{"embeddable":true,"href":"https:\/\/eleport.com\/pl\/wp-json\/wp\/v2\/media\/7940"}],"wp:attachment":[{"href":"https:\/\/eleport.com\/pl\/wp-json\/wp\/v2\/media?parent=638"}],"wp:term":[{"taxonomy":"category","embeddable":true,"href":"https:\/\/eleport.com\/pl\/wp-json\/wp\/v2\/categories?post=638"},{"taxonomy":"post_tag","embeddable":true,"href":"https:\/\/eleport.com\/pl\/wp-json\/wp\/v2\/tags?post=638"},{"taxonomy":"authors","embeddable":true,"href":"https:\/\/eleport.com\/pl\/wp-json\/wp\/v2\/authors?post=638"}],"curies":[{"name":"wp","href":"https:\/\/api.w.org\/{rel}","templated":true}]}}