{"id":893,"date":"2024-03-28T12:39:00","date_gmt":"2024-03-28T12:39:00","guid":{"rendered":"https:\/\/eleport.com\/pl\/?p=893"},"modified":"2025-05-30T10:52:25","modified_gmt":"2025-05-30T10:52:25","slug":"michal-malecki-wzmacnia-zespol-eleport-obejmujac-stanowisko-chief-revenue-officer","status":"publish","type":"post","link":"https:\/\/eleport.com\/pl\/michal-malecki-wzmacnia-zespol-eleport-obejmujac-stanowisko-chief-revenue-officer\/","title":{"rendered":"Micha\u0142 Ma\u0142ecki wzmacnia zesp\u00f3\u0142 Eleport obejmuj\u0105c stanowisko Chief Revenue Officer"},"content":{"rendered":"<p style=\"font-weight: 400;\"><strong>Do\u015bwiadczony manager do\u0142\u0105czy do zespo\u0142u kieruj\u0105cego pracami grupy Eleport, wiod\u0105cego operatora sieci \u0142adowania pojazd\u00f3w elektrycznych w regionie Europy \u015arodkowo-Wschodniej. Ma\u0142ecki b\u0119dzie odpowiada\u0142 za rozw\u00f3j biznesu sp\u00f3\u0142ki, kt\u00f3ra tylko do ko\u0144ca br. planuje zainwestowa\u0107 20 milion\u00f3w euro i powi\u0119kszy\u0107 swoj\u0105 sie\u0107 o kolejne 800 punkt\u00f3w \u0142adowania. <\/strong><\/p>\n<p style=\"font-weight: 400;\">Jako Chief Revenue Officer Micha\u0142 Ma\u0142ecki b\u0119dzie odpowiedzialny za realizacj\u0119 strategii rozwoju biznesu Eleport w Polsce i krajach ba\u0142tyckich, w tym szczeg\u00f3lnie w obszarze wsp\u00f3\u0142pracy B2B. Ma\u0142ecki do\u0142\u0105cza do mi\u0119dzynarodowego zespo\u0142u zarz\u0105dzaj\u0105cego grup\u0105 Eleport, na czele kt\u00f3rego stoi za\u0142o\u017cyciel i CEO Raul Potisepp.<\/p>\n<p style=\"font-weight: 400;\">Micha\u0142 Ma\u0142ecki jest do\u015bwiadczonym managerem z 17-letnim do\u015bwiadczeniem w bran\u017cy nieruchomo\u015bci komercyjnych. Po uko\u0144czeniu Uniwersytetu Ekonomicznego w Poznaniu, Micha\u0142 do\u0142\u0105czy\u0142 do firmy King Sturge, gdzie by\u0142 odpowiedzialny za obs\u0142ug\u0119 klient\u00f3w takich jak Shell, wspieraj\u0105c planowanie sieci w poszukiwaniu nowych lokalizacji. Nast\u0119pnie pracowa\u0142 w roli Lease Manager w Ikea Centres, p\u00f3\u017aniej w Trei Real Estate, a ostatnie 9 lat zarz\u0105dza\u0142 zespo\u0142em leasingowym w CREAM Property Advisors obs\u0142uguj\u0105c takich klient\u00f3w jak m.in. Griffin, EPP, Echo Investment, Catalyst Capital, DOR, Focus Fund, Arcona, TFI PZU, Invel Real Estate, Citronex, czy Fortress Fund.<\/p>\n<p><span style=\"font-weight: 400;\">Powi\u0119kszenie si\u0119 zarz\u0105du grupy o kolejnego eksperta z bogatym do\u015bwiadczeniem jest jego istotnym wzmocnieniem, istotnym zw\u0142aszcza w kontek\u015bcie ambitnych plan\u00f3w Eleport na najbli\u017ce lata. Sp\u00f3\u0142ka planuje dalsze inwestycje w rozbudow\u0119 infrastruktury, aby na koniec roku osi\u0105gn\u0105\u0107 poziom ponad 1350 punkt\u00f3w \u0142adowania w Polsce i krajach ba\u0142tyckich. R\u00f3wnolegle planowany jest tak\u017ce dalszy wzrost przychod\u00f3w grupy, kt\u00f3ry ma w 2024 roku powi\u0119kszy\u0107 si\u0119 trzykrotnie, w por\u00f3wnaniu do wyniki z 2023. <\/span><\/p>\n<p><img fetchpriority=\"high\" decoding=\"async\" class=\"alignnone size-medium wp-image-894\" src=\"https:\/\/eleport.pl\/wp-content\/uploads\/2024\/03\/Michal_M_picture_XS-200x300.jpg\" alt=\"\" width=\"200\" height=\"300\" \/><\/p>\n","protected":false},"excerpt":{"rendered":"<p>Do\u015bwiadczony manager do\u0142\u0105czy do zespo\u0142u kieruj\u0105cego pracami grupy Eleport, wiod\u0105cego operatora sieci \u0142adowania pojazd\u00f3w elektrycznych w regionie Europy \u015arodkowo-Wschodniej. Ma\u0142ecki b\u0119dzie odpowiada\u0142 za rozw\u00f3j biznesu sp\u00f3\u0142ki, kt\u00f3ra tylko do ko\u0144ca br. planuje zainwestowa\u0107 20 milion\u00f3w euro i powi\u0119kszy\u0107 swoj\u0105 sie\u0107 o kolejne 800 punkt\u00f3w \u0142adowania. Jako Chief Revenue Officer Micha\u0142 Ma\u0142ecki b\u0119dzie odpowiedzialny za realizacj\u0119 [&hellip;]<\/p>\n","protected":false},"author":1,"featured_media":897,"comment_status":"closed","ping_status":"closed","sticky":false,"template":"","format":"standard","meta":{"footnotes":"","_wpscppro_dont_share_socialmedia":false,"_wpscppro_custom_social_share_image":0,"_facebook_share_type":"","_twitter_share_type":"","_linkedin_share_type":"","_pinterest_share_type":"","_linkedin_share_type_page":"","_instagram_share_type":"","_medium_share_type":"","_threads_share_type":"","_google_business_share_type":"","_selected_social_profile":[],"_wpsp_enable_custom_social_template":false,"_wpsp_social_scheduling":{"enabled":false,"datetime":null,"platforms":[],"status":"template_only","dateOption":"today","timeOption":"now","customDays":"","customHours":"","customDate":"","customTime":"","schedulingType":"absolute"},"_wpsp_active_default_template":true},"categories":[59,54],"tags":[],"authors":[],"class_list":["post-893","post","type-post","status-publish","format-standard","has-post-thumbnail","hentry","category-aktualnosci","category-insights"],"_links":{"self":[{"href":"https:\/\/eleport.com\/pl\/wp-json\/wp\/v2\/posts\/893","targetHints":{"allow":["GET"]}}],"collection":[{"href":"https:\/\/eleport.com\/pl\/wp-json\/wp\/v2\/posts"}],"about":[{"href":"https:\/\/eleport.com\/pl\/wp-json\/wp\/v2\/types\/post"}],"author":[{"embeddable":true,"href":"https:\/\/eleport.com\/pl\/wp-json\/wp\/v2\/users\/1"}],"replies":[{"embeddable":true,"href":"https:\/\/eleport.com\/pl\/wp-json\/wp\/v2\/comments?post=893"}],"version-history":[{"count":1,"href":"https:\/\/eleport.com\/pl\/wp-json\/wp\/v2\/posts\/893\/revisions"}],"predecessor-version":[{"id":6860,"href":"https:\/\/eleport.com\/pl\/wp-json\/wp\/v2\/posts\/893\/revisions\/6860"}],"wp:featuredmedia":[{"embeddable":true,"href":"https:\/\/eleport.com\/pl\/wp-json\/wp\/v2\/media\/897"}],"wp:attachment":[{"href":"https:\/\/eleport.com\/pl\/wp-json\/wp\/v2\/media?parent=893"}],"wp:term":[{"taxonomy":"category","embeddable":true,"href":"https:\/\/eleport.com\/pl\/wp-json\/wp\/v2\/categories?post=893"},{"taxonomy":"post_tag","embeddable":true,"href":"https:\/\/eleport.com\/pl\/wp-json\/wp\/v2\/tags?post=893"},{"taxonomy":"authors","embeddable":true,"href":"https:\/\/eleport.com\/pl\/wp-json\/wp\/v2\/authors?post=893"}],"curies":[{"name":"wp","href":"https:\/\/api.w.org\/{rel}","templated":true}]}}